{"id":523,"date":"2022-03-30T20:10:49","date_gmt":"2022-03-30T18:10:49","guid":{"rendered":"https:\/\/idelosan.com\/?p=523"},"modified":"2025-05-28T12:37:00","modified_gmt":"2025-05-28T10:37:00","slug":"ya-a-la-venta-relatos-z-las-fases-del-apocalipsis","status":"publish","type":"post","link":"https:\/\/idelosan.com\/?p=523","title":{"rendered":"Ya a la venta Relatos Z: Las fases del apocalipsis"},"content":{"rendered":"\n<div class=\"wp-block-image\"><figure class=\"aligncenter size-large is-resized\"><img loading=\"lazy\" decoding=\"async\" src=\"http:\/\/idelosan.com\/wp-content\/uploads\/2022\/03\/relatosz-thumbnail-1024x749.jpg\" alt=\"\" class=\"wp-image-524\" width=\"413\" height=\"301\" srcset=\"https:\/\/idelosan.com\/wp-content\/uploads\/2022\/03\/relatosz-thumbnail-1024x749.jpg 1024w, https:\/\/idelosan.com\/wp-content\/uploads\/2022\/03\/relatosz-thumbnail-300x219.jpg 300w, https:\/\/idelosan.com\/wp-content\/uploads\/2022\/03\/relatosz-thumbnail-768x562.jpg 768w, https:\/\/idelosan.com\/wp-content\/uploads\/2022\/03\/relatosz-thumbnail.jpg 1027w\" sizes=\"auto, (max-width: 413px) 100vw, 413px\" \/><\/figure><\/div>\n\n\n\n<p class=\"wp-block-paragraph\">Lleg\u00f3 el d\u00eda. Hoy, 30 de marzo, acaba de publicarse la que es mi primera obra en Amazon como escritor de ficci\u00f3n.<\/p>\n\n\n\n<figure class=\"wp-block-embed is-type-rich is-provider-amazon wp-block-embed-amazon\"><div class=\"wp-block-embed__wrapper\">\n<iframe loading=\"lazy\" title=\"Relatos Z Las fases del apocalipsis: recopilatorio de historias y gu\u00eda sobre el g\u00e9nero zombi\" type=\"text\/html\" width=\"880\" height=\"550\" frameborder=\"0\" allowfullscreen style=\"max-width:100%\" src=\"https:\/\/leer.amazon.es\/kp\/card?preview=inline&#038;linkCode=kpd&#038;ref_=k4w_oembed_IuGj5srMKqh9Cs&#038;asin=B09WW18F5G&#038;tag=kpembed-20\"><\/iframe>\n<\/div><figcaption>Relatos Z: Las fases del apocalipsis, ya disponible para su compra en ebook y en breve en papel<\/figcaption><\/figure>\n\n\n\n<p class=\"wp-block-paragraph\">Cabe recordar que sigue siendo posible obtenerla en pdf completamente gratis <a rel=\"noreferrer noopener\" href=\"https:\/\/idelosan.com\/?page_id=325\" target=\"_blank\">desde este enlace<\/a>, o el mismo pop-up que hay en mi web.<\/p>\n\n\n\n<figure class=\"wp-block-embed is-type-rich is-provider-gestor-del-servicio wp-block-embed-gestor-del-servicio\"><div class=\"wp-block-embed__wrapper\">\n<div style=\"width: 640px;\" class=\"wp-video\"><video class=\"wp-video-shortcode\" id=\"video-523-1\" width=\"640\" height=\"360\" preload=\"metadata\" controls=\"controls\"><source type=\"video\/mp4\" src=\"http:\/\/idelosan.com\/wp-content\/uploads\/2022\/03\/RELATOS-Z-INSTAGRAM-ADVERT.mp4?_=1\" \/><a href=\"http:\/\/idelosan.com\/wp-content\/uploads\/2022\/03\/RELATOS-Z-INSTAGRAM-ADVERT.mp4\">http:\/\/idelosan.com\/wp-content\/uploads\/2022\/03\/RELATOS-Z-INSTAGRAM-ADVERT.mp4<\/a><\/video><\/div>\n<\/div><\/figure>\n\n\n\n<p class=\"wp-block-paragraph\">L@s que teng\u00e1is Kindle Unlimited tambi\u00e9n pod\u00e9is leerlo en Kindle sin coste adicional.<\/p>\n\n\n\n<p class=\"wp-block-paragraph\">Espero que disfrut\u00e9is de su lectura, y sobre todo, si os gusta, no dud\u00e9is en rese\u00f1arlo en su p\u00e1gina de Amazon y darle cinco estrellas&#8230; \u00a1no os imagin\u00e1is lo mucho que ayuda eso a la proyecci\u00f3n del libro! \ud83d\ude42  <\/p>\n","protected":false},"excerpt":{"rendered":"<p>Lleg\u00f3 el d\u00eda. Hoy, 30 de marzo, acaba de publicarse la que es mi primera obra en Amazon como escritor<\/p>\n<p><a href=\"https:\/\/idelosan.com\/?p=523\" class=\"more-link\">Seguir leyendo<span class=\"screen-reader-text\">Ya a la venta Relatos Z: Las fases del apocalipsis<\/span><\/a><\/p>\n","protected":false},"author":1,"featured_media":524,"comment_status":"open","ping_status":"open","sticky":false,"template":"","format":"standard","meta":{"footnotes":""},"categories":[1],"tags":[],"class_list":["post-523","post","type-post","status-publish","format-standard","has-post-thumbnail","hentry","category-general"],"yoast_head":"<!-- This site is optimized with the Yoast SEO plugin v25.1 - https:\/\/yoast.com\/wordpress\/plugins\/seo\/ -->\n<title>Ya a la venta Relatos Z: Las fases del apocalipsis - Iv\u00e1n de los \u00c1ngeles<\/title>\n<meta name=\"robots\" content=\"index, follow, max-snippet:-1, max-image-preview:large, max-video-preview:-1\" \/>\n<link rel=\"canonical\" href=\"https:\/\/idelosan.com\/?p=523\" \/>\n<meta property=\"og:locale\" content=\"es_ES\" \/>\n<meta property=\"og:type\" content=\"article\" \/>\n<meta property=\"og:title\" content=\"Ya a la venta Relatos Z: Las fases del apocalipsis - Iv\u00e1n de los \u00c1ngeles\" \/>\n<meta property=\"og:description\" content=\"Lleg\u00f3 el d\u00eda. Hoy, 30 de marzo, acaba de publicarse la que es mi primera obra en Amazon como escritorSeguir leyendoYa a la venta Relatos Z: Las fases del apocalipsis\" \/>\n<meta property=\"og:url\" content=\"https:\/\/idelosan.com\/?p=523\" \/>\n<meta property=\"og:site_name\" content=\"Iv\u00e1n de los \u00c1ngeles\" \/>\n<meta property=\"article:publisher\" content=\"https:\/\/www.facebook.com\/Idelosanescritor\/\" \/>\n<meta property=\"article:author\" content=\"https:\/\/www.facebook.com\/Idelosanescritor\/\" \/>\n<meta property=\"article:published_time\" content=\"2022-03-30T18:10:49+00:00\" \/>\n<meta property=\"article:modified_time\" content=\"2025-05-28T10:37:00+00:00\" \/>\n<meta property=\"og:image\" content=\"https:\/\/idelosan.com\/wp-content\/uploads\/2022\/03\/relatosz-thumbnail.jpg\" \/>\n\t<meta property=\"og:image:width\" content=\"1027\" \/>\n\t<meta property=\"og:image:height\" content=\"751\" \/>\n\t<meta property=\"og:image:type\" content=\"image\/jpeg\" \/>\n<meta name=\"author\" content=\"Idelosan\" \/>\n<meta name=\"twitter:card\" content=\"summary_large_image\" \/>\n<meta name=\"twitter:label1\" content=\"Escrito por\" \/>\n\t<meta name=\"twitter:data1\" content=\"Idelosan\" \/>\n\t<meta name=\"twitter:label2\" content=\"Tiempo de lectura\" \/>\n\t<meta name=\"twitter:data2\" content=\"1 minuto\" \/>\n<script type=\"application\/ld+json\" class=\"yoast-schema-graph\">{\"@context\":\"https:\/\/schema.org\",\"@graph\":[{\"@type\":\"Article\",\"@id\":\"https:\/\/idelosan.com\/?p=523#article\",\"isPartOf\":{\"@id\":\"https:\/\/idelosan.com\/?p=523\"},\"author\":{\"name\":\"Idelosan\",\"@id\":\"https:\/\/idelosan.com\/#\/schema\/person\/a31effc0ec3a561cc65b2e3a7531d304\"},\"headline\":\"Ya a la venta Relatos Z: Las fases del apocalipsis\",\"datePublished\":\"2022-03-30T18:10:49+00:00\",\"dateModified\":\"2025-05-28T10:37:00+00:00\",\"mainEntityOfPage\":{\"@id\":\"https:\/\/idelosan.com\/?p=523\"},\"wordCount\":151,\"commentCount\":0,\"publisher\":{\"@id\":\"https:\/\/idelosan.com\/#\/schema\/person\/a31effc0ec3a561cc65b2e3a7531d304\"},\"image\":{\"@id\":\"https:\/\/idelosan.com\/?p=523#primaryimage\"},\"thumbnailUrl\":\"https:\/\/idelosan.com\/wp-content\/uploads\/2022\/03\/relatosz-thumbnail.jpg\",\"articleSection\":[\"General\"],\"inLanguage\":\"es\",\"potentialAction\":[{\"@type\":\"CommentAction\",\"name\":\"Comment\",\"target\":[\"https:\/\/idelosan.com\/?p=523#respond\"]}]},{\"@type\":\"WebPage\",\"@id\":\"https:\/\/idelosan.com\/?p=523\",\"url\":\"https:\/\/idelosan.com\/?p=523\",\"name\":\"Ya a la venta Relatos Z: Las fases del apocalipsis - Iv\u00e1n de los \u00c1ngeles\",\"isPartOf\":{\"@id\":\"https:\/\/idelosan.com\/#website\"},\"primaryImageOfPage\":{\"@id\":\"https:\/\/idelosan.com\/?p=523#primaryimage\"},\"image\":{\"@id\":\"https:\/\/idelosan.com\/?p=523#primaryimage\"},\"thumbnailUrl\":\"https:\/\/idelosan.com\/wp-content\/uploads\/2022\/03\/relatosz-thumbnail.jpg\",\"datePublished\":\"2022-03-30T18:10:49+00:00\",\"dateModified\":\"2025-05-28T10:37:00+00:00\",\"breadcrumb\":{\"@id\":\"https:\/\/idelosan.com\/?p=523#breadcrumb\"},\"inLanguage\":\"es\",\"potentialAction\":[{\"@type\":\"ReadAction\",\"target\":[\"https:\/\/idelosan.com\/?p=523\"]}]},{\"@type\":\"ImageObject\",\"inLanguage\":\"es\",\"@id\":\"https:\/\/idelosan.com\/?p=523#primaryimage\",\"url\":\"https:\/\/idelosan.com\/wp-content\/uploads\/2022\/03\/relatosz-thumbnail.jpg\",\"contentUrl\":\"https:\/\/idelosan.com\/wp-content\/uploads\/2022\/03\/relatosz-thumbnail.jpg\",\"width\":1027,\"height\":751},{\"@type\":\"BreadcrumbList\",\"@id\":\"https:\/\/idelosan.com\/?p=523#breadcrumb\",\"itemListElement\":[{\"@type\":\"ListItem\",\"position\":1,\"name\":\"Portada\",\"item\":\"https:\/\/idelosan.com\/\"},{\"@type\":\"ListItem\",\"position\":2,\"name\":\"Ya a la venta Relatos Z: Las fases del apocalipsis\"}]},{\"@type\":\"WebSite\",\"@id\":\"https:\/\/idelosan.com\/#website\",\"url\":\"https:\/\/idelosan.com\/\",\"name\":\"Iv\u00e1n de los \u00c1ngeles\",\"description\":\"Literatura de choque; thriller, romance, terror y fantas\u00eda\",\"publisher\":{\"@id\":\"https:\/\/idelosan.com\/#\/schema\/person\/a31effc0ec3a561cc65b2e3a7531d304\"},\"potentialAction\":[{\"@type\":\"SearchAction\",\"target\":{\"@type\":\"EntryPoint\",\"urlTemplate\":\"https:\/\/idelosan.com\/?s={search_term_string}\"},\"query-input\":{\"@type\":\"PropertyValueSpecification\",\"valueRequired\":true,\"valueName\":\"search_term_string\"}}],\"inLanguage\":\"es\"},{\"@type\":[\"Person\",\"Organization\"],\"@id\":\"https:\/\/idelosan.com\/#\/schema\/person\/a31effc0ec3a561cc65b2e3a7531d304\",\"name\":\"Idelosan\",\"image\":{\"@type\":\"ImageObject\",\"inLanguage\":\"es\",\"@id\":\"https:\/\/idelosan.com\/#\/schema\/person\/image\/\",\"url\":\"http:\/\/idelosan.com\/wp-content\/uploads\/2022\/03\/perfil-ESCRITOR-con-logo-transp-png-1-e1649415838775.png\",\"contentUrl\":\"http:\/\/idelosan.com\/wp-content\/uploads\/2022\/03\/perfil-ESCRITOR-con-logo-transp-png-1-e1649415838775.png\",\"width\":250,\"height\":250,\"caption\":\"Idelosan\"},\"logo\":{\"@id\":\"https:\/\/idelosan.com\/#\/schema\/person\/image\/\"},\"description\":\"Soy Iv\u00e1n de los \u00c1ngeles Company, de acr\u00f3nimo Idelosan, y aspiro a impactar al mundo con mis historias de acci\u00f3n, romance, terror o fantas\u00eda. \\\"Literatura de choque\\\" es el eslogan que me define.\",\"sameAs\":[\"http:\/\/idelosan.com\",\"https:\/\/www.facebook.com\/Idelosanescritor\/\",\"https:\/\/www.instagram.com\/idelosan\"],\"url\":\"https:\/\/idelosan.com\/?author=1\"}]}<\/script>\n<!-- \/ Yoast SEO plugin. -->","yoast_head_json":{"title":"Ya a la venta Relatos Z: Las fases del apocalipsis - Iv\u00e1n de los \u00c1ngeles","robots":{"index":"index","follow":"follow","max-snippet":"max-snippet:-1","max-image-preview":"max-image-preview:large","max-video-preview":"max-video-preview:-1"},"canonical":"https:\/\/idelosan.com\/?p=523","og_locale":"es_ES","og_type":"article","og_title":"Ya a la venta Relatos Z: Las fases del apocalipsis - Iv\u00e1n de los \u00c1ngeles","og_description":"Lleg\u00f3 el d\u00eda. Hoy, 30 de marzo, acaba de publicarse la que es mi primera obra en Amazon como escritorSeguir leyendoYa a la venta Relatos Z: Las fases del apocalipsis","og_url":"https:\/\/idelosan.com\/?p=523","og_site_name":"Iv\u00e1n de los \u00c1ngeles","article_publisher":"https:\/\/www.facebook.com\/Idelosanescritor\/","article_author":"https:\/\/www.facebook.com\/Idelosanescritor\/","article_published_time":"2022-03-30T18:10:49+00:00","article_modified_time":"2025-05-28T10:37:00+00:00","og_image":[{"width":1027,"height":751,"url":"https:\/\/idelosan.com\/wp-content\/uploads\/2022\/03\/relatosz-thumbnail.jpg","type":"image\/jpeg"}],"author":"Idelosan","twitter_card":"summary_large_image","twitter_misc":{"Escrito por":"Idelosan","Tiempo de lectura":"1 minuto"},"schema":{"@context":"https:\/\/schema.org","@graph":[{"@type":"Article","@id":"https:\/\/idelosan.com\/?p=523#article","isPartOf":{"@id":"https:\/\/idelosan.com\/?p=523"},"author":{"name":"Idelosan","@id":"https:\/\/idelosan.com\/#\/schema\/person\/a31effc0ec3a561cc65b2e3a7531d304"},"headline":"Ya a la venta Relatos Z: Las fases del apocalipsis","datePublished":"2022-03-30T18:10:49+00:00","dateModified":"2025-05-28T10:37:00+00:00","mainEntityOfPage":{"@id":"https:\/\/idelosan.com\/?p=523"},"wordCount":151,"commentCount":0,"publisher":{"@id":"https:\/\/idelosan.com\/#\/schema\/person\/a31effc0ec3a561cc65b2e3a7531d304"},"image":{"@id":"https:\/\/idelosan.com\/?p=523#primaryimage"},"thumbnailUrl":"https:\/\/idelosan.com\/wp-content\/uploads\/2022\/03\/relatosz-thumbnail.jpg","articleSection":["General"],"inLanguage":"es","potentialAction":[{"@type":"CommentAction","name":"Comment","target":["https:\/\/idelosan.com\/?p=523#respond"]}]},{"@type":"WebPage","@id":"https:\/\/idelosan.com\/?p=523","url":"https:\/\/idelosan.com\/?p=523","name":"Ya a la venta Relatos Z: Las fases del apocalipsis - Iv\u00e1n de los \u00c1ngeles","isPartOf":{"@id":"https:\/\/idelosan.com\/#website"},"primaryImageOfPage":{"@id":"https:\/\/idelosan.com\/?p=523#primaryimage"},"image":{"@id":"https:\/\/idelosan.com\/?p=523#primaryimage"},"thumbnailUrl":"https:\/\/idelosan.com\/wp-content\/uploads\/2022\/03\/relatosz-thumbnail.jpg","datePublished":"2022-03-30T18:10:49+00:00","dateModified":"2025-05-28T10:37:00+00:00","breadcrumb":{"@id":"https:\/\/idelosan.com\/?p=523#breadcrumb"},"inLanguage":"es","potentialAction":[{"@type":"ReadAction","target":["https:\/\/idelosan.com\/?p=523"]}]},{"@type":"ImageObject","inLanguage":"es","@id":"https:\/\/idelosan.com\/?p=523#primaryimage","url":"https:\/\/idelosan.com\/wp-content\/uploads\/2022\/03\/relatosz-thumbnail.jpg","contentUrl":"https:\/\/idelosan.com\/wp-content\/uploads\/2022\/03\/relatosz-thumbnail.jpg","width":1027,"height":751},{"@type":"BreadcrumbList","@id":"https:\/\/idelosan.com\/?p=523#breadcrumb","itemListElement":[{"@type":"ListItem","position":1,"name":"Portada","item":"https:\/\/idelosan.com\/"},{"@type":"ListItem","position":2,"name":"Ya a la venta Relatos Z: Las fases del apocalipsis"}]},{"@type":"WebSite","@id":"https:\/\/idelosan.com\/#website","url":"https:\/\/idelosan.com\/","name":"Iv\u00e1n de los \u00c1ngeles","description":"Literatura de choque; thriller, romance, terror y fantas\u00eda","publisher":{"@id":"https:\/\/idelosan.com\/#\/schema\/person\/a31effc0ec3a561cc65b2e3a7531d304"},"potentialAction":[{"@type":"SearchAction","target":{"@type":"EntryPoint","urlTemplate":"https:\/\/idelosan.com\/?s={search_term_string}"},"query-input":{"@type":"PropertyValueSpecification","valueRequired":true,"valueName":"search_term_string"}}],"inLanguage":"es"},{"@type":["Person","Organization"],"@id":"https:\/\/idelosan.com\/#\/schema\/person\/a31effc0ec3a561cc65b2e3a7531d304","name":"Idelosan","image":{"@type":"ImageObject","inLanguage":"es","@id":"https:\/\/idelosan.com\/#\/schema\/person\/image\/","url":"http:\/\/idelosan.com\/wp-content\/uploads\/2022\/03\/perfil-ESCRITOR-con-logo-transp-png-1-e1649415838775.png","contentUrl":"http:\/\/idelosan.com\/wp-content\/uploads\/2022\/03\/perfil-ESCRITOR-con-logo-transp-png-1-e1649415838775.png","width":250,"height":250,"caption":"Idelosan"},"logo":{"@id":"https:\/\/idelosan.com\/#\/schema\/person\/image\/"},"description":"Soy Iv\u00e1n de los \u00c1ngeles Company, de acr\u00f3nimo Idelosan, y aspiro a impactar al mundo con mis historias de acci\u00f3n, romance, terror o fantas\u00eda. \"Literatura de choque\" es el eslogan que me define.","sameAs":["http:\/\/idelosan.com","https:\/\/www.facebook.com\/Idelosanescritor\/","https:\/\/www.instagram.com\/idelosan"],"url":"https:\/\/idelosan.com\/?author=1"}]}},"_links":{"self":[{"href":"https:\/\/idelosan.com\/index.php?rest_route=\/wp\/v2\/posts\/523","targetHints":{"allow":["GET"]}}],"collection":[{"href":"https:\/\/idelosan.com\/index.php?rest_route=\/wp\/v2\/posts"}],"about":[{"href":"https:\/\/idelosan.com\/index.php?rest_route=\/wp\/v2\/types\/post"}],"author":[{"embeddable":true,"href":"https:\/\/idelosan.com\/index.php?rest_route=\/wp\/v2\/users\/1"}],"replies":[{"embeddable":true,"href":"https:\/\/idelosan.com\/index.php?rest_route=%2Fwp%2Fv2%2Fcomments&post=523"}],"version-history":[{"count":5,"href":"https:\/\/idelosan.com\/index.php?rest_route=\/wp\/v2\/posts\/523\/revisions"}],"predecessor-version":[{"id":3148,"href":"https:\/\/idelosan.com\/index.php?rest_route=\/wp\/v2\/posts\/523\/revisions\/3148"}],"wp:featuredmedia":[{"embeddable":true,"href":"https:\/\/idelosan.com\/index.php?rest_route=\/wp\/v2\/media\/524"}],"wp:attachment":[{"href":"https:\/\/idelosan.com\/index.php?rest_route=%2Fwp%2Fv2%2Fmedia&parent=523"}],"wp:term":[{"taxonomy":"category","embeddable":true,"href":"https:\/\/idelosan.com\/index.php?rest_route=%2Fwp%2Fv2%2Fcategories&post=523"},{"taxonomy":"post_tag","embeddable":true,"href":"https:\/\/idelosan.com\/index.php?rest_route=%2Fwp%2Fv2%2Ftags&post=523"}],"curies":[{"name":"wp","href":"https:\/\/api.w.org\/{rel}","templated":true}]}}